{"id":94171,"date":"2016-04-15T17:03:38","date_gmt":"2016-04-15T15:03:38","guid":{"rendered":"https:\/\/www.shakticaterinamaggi.com\/?p=94171"},"modified":"2023-01-31T17:30:06","modified_gmt":"2023-01-31T16:30:06","slug":"trappola-spirituale-e-responsabilita","status":"publish","type":"post","link":"https:\/\/www.shakticaterinamaggi.com\/it\/integrazione-del-risveglio\/trappola-spirituale-e-responsabilita\/","title":{"rendered":"Trappola spirituale e responsabilit\u00e0"},"content":{"rendered":"\t\t<div data-elementor-type=\"wp-post\" data-elementor-id=\"94171\" class=\"elementor elementor-94171\">\n\t\t\t\t\t\t<section class=\"elementor-section elementor-top-section elementor-element elementor-element-ee9882a elementor-section-boxed elementor-section-height-default elementor-section-height-default\" data-id=\"ee9882a\" data-element_type=\"section\" data-e-type=\"section\">\n\t\t\t\t\t\t<div class=\"elementor-container elementor-column-gap-default\">\n\t\t\t\t\t<div class=\" elementor-column elementor-col-100 elementor-top-column elementor-element elementor-element-e392d6e\" data-fullscreen-column-settings=\"{&quot;fullscreen&quot;:&quot;&quot;}\" data-id=\"e392d6e\" data-element_type=\"column\" data-e-type=\"column\">\n\t\t\t<div class=\"elementor-widget-wrap elementor-element-populated\">\n\t\t\t\t\t\t<div class=\"elementor-element elementor-element-3e0e526 elementor-widget elementor-widget-text-editor\" data-id=\"3e0e526\" data-element_type=\"widget\" data-e-type=\"widget\" data-widget_type=\"text-editor.default\">\n\t\t\t\t<div class=\"elementor-widget-container\">\n\t\t\t\t\t\t\t\t\t<p>Fino a che diamo ad una autorit\u00e0 esterna, che si chiami mamma e pap\u00e0, societ\u00e0, ma anche\u00a0un maestro, un guru, Dio e cos\u00ec via l&#8217;autorit\u00e0 per giudicarci, o per dirci come dovremmo essere o cosa dovremmo fare, <b>rimarremo in una situazione di immaturit\u00e0, resteremo come dei bambini e come vittime di un \u00a0sistema contro cui ribellars<\/b>i, fare guerre e contestazioni oppure da pregare e di cui esaudire le aspettative.<\/p>\t\t\t\t\t\t\t\t<\/div>\n\t\t\t\t<\/div>\n\t\t\t\t\t<\/div>\n\t\t<\/div>\n\t\t\t\t\t<\/div>\n\t\t<\/section>\n\t\t\t\t<section class=\"elementor-section elementor-top-section elementor-element elementor-element-d0b25bf elementor-section-boxed elementor-section-height-default elementor-section-height-default\" data-id=\"d0b25bf\" data-element_type=\"section\" data-e-type=\"section\">\n\t\t\t\t\t\t<div class=\"elementor-container elementor-column-gap-no\">\n\t\t\t\t\t<div class=\" elementor-column elementor-col-100 elementor-top-column elementor-element elementor-element-b6b16ae\" data-fullscreen-column-settings=\"{&quot;fullscreen&quot;:&quot;&quot;}\" data-id=\"b6b16ae\" data-element_type=\"column\" data-e-type=\"column\">\n\t\t\t<div class=\"elementor-widget-wrap elementor-element-populated\">\n\t\t\t\t\t\t<div class=\"elementor-element elementor-element-d46eb16 elementor-widget elementor-widget-shortcode\" data-id=\"d46eb16\" data-element_type=\"widget\" data-e-type=\"widget\" data-widget_type=\"shortcode.default\">\n\t\t\t\t<div class=\"elementor-widget-container\">\n\t\t\t\t\t\t\t<div class=\"elementor-shortcode\"><div data-post-id=\"83717\" class=\"insert-page insert-page-83717 \">\t\t<div data-elementor-type=\"section\" data-elementor-id=\"83717\" class=\"elementor elementor-83717 elementor-77365 elementor-77365\">\n\t\t\t\t\t\t<section class=\"elementor-section elementor-inner-section elementor-element elementor-element-3ddac745 elementor-section-boxed elementor-section-height-default elementor-section-height-default\" data-id=\"3ddac745\" data-element_type=\"section\" data-e-type=\"section\" data-settings=\"{&quot;background_background&quot;:&quot;classic&quot;}\">\n\t\t\t\t\t\t<div class=\"elementor-container elementor-column-gap-default\">\n\t\t\t\t\t<div class=\" elementor-column elementor-col-50 elementor-inner-column elementor-element elementor-element-61d17576 elementor-invisible\" data-fullscreen-column-settings=\"{&quot;fullscreen&quot;:&quot;&quot;}\" data-id=\"61d17576\" data-element_type=\"column\" data-e-type=\"column\" data-settings=\"{&quot;animation&quot;:&quot;fadeIn&quot;,&quot;background_background&quot;:&quot;classic&quot;}\">\n\t\t\t<div class=\"elementor-widget-wrap elementor-element-populated\">\n\t\t\t\t\t\t<div class=\"elementor-element elementor-element-1ba6926 elementor-widget elementor-widget-spacer\" data-id=\"1ba6926\" data-element_type=\"widget\" data-e-type=\"widget\" data-widget_type=\"spacer.default\">\n\t\t\t\t<div class=\"elementor-widget-container\">\n\t\t\t\t\t\t\t<div class=\"elementor-spacer\">\n\t\t\t<div class=\"elementor-spacer-inner\"><\/div>\n\t\t<\/div>\n\t\t\t\t\t\t<\/div>\n\t\t\t\t<\/div>\n\t\t\t\t<div class=\"elementor-element elementor-element-1c007881 elementor-widget-tablet__width-inherit elementor-widget__width-auto elementor-widget elementor-widget-litho-heading\" data-id=\"1c007881\" data-element_type=\"widget\" data-e-type=\"widget\" data-widget_type=\"litho-heading.default\">\n\t\t\t\t<div class=\"elementor-widget-container\">\n\t\t\t\t\t<div class=\"litho-heading elementor-size-default\"><span class=\"litho-primary-title\">Tour Autunnale<\/span><span class=\"litho-secondary-title\">con Shakti Caterina Maggi<\/span><\/div>\t\t\t\t<\/div>\n\t\t\t\t<\/div>\n\t\t\t\t<div class=\"elementor-element elementor-element-9d29d0e elementor-widget elementor-widget-spacer\" data-id=\"9d29d0e\" data-element_type=\"widget\" data-e-type=\"widget\" data-widget_type=\"spacer.default\">\n\t\t\t\t<div class=\"elementor-widget-container\">\n\t\t\t\t\t\t\t<div class=\"elementor-spacer\">\n\t\t\t<div class=\"elementor-spacer-inner\"><\/div>\n\t\t<\/div>\n\t\t\t\t\t\t<\/div>\n\t\t\t\t<\/div>\n\t\t\t\t\t<\/div>\n\t\t<\/div>\n\t\t\t\t<div class=\" elementor-column elementor-col-50 elementor-inner-column elementor-element elementor-element-fb966b0 elementor-invisible\" data-fullscreen-column-settings=\"{&quot;fullscreen&quot;:&quot;&quot;}\" data-id=\"fb966b0\" data-element_type=\"column\" data-e-type=\"column\" data-settings=\"{&quot;animation&quot;:&quot;fadeIn&quot;}\">\n\t\t\t<div class=\"elementor-widget-wrap elementor-element-populated\">\n\t\t\t\t\t\t<div class=\"elementor-element elementor-element-577b5970 elementor-tablet-align-center elementor-widget-tablet__width-inherit elementor-align-center elementor-widget elementor-widget-litho-button\" data-id=\"577b5970\" data-element_type=\"widget\" data-e-type=\"widget\" data-widget_type=\"litho-button.default\">\n\t\t\t\t<div class=\"elementor-widget-container\">\n\t\t\t\t\t\t\t\t\t<div class=\"elementor-button-wrapper litho-button-wrapper\">\n\t\t\t\t\t<a class=\"elementor-button-link elementor-button elementor-size-xl \" href=\"\/it\/tour\/\" role=\"button\">\n\t\t\t\t\t\t\t\t\t<span class=\"elementor-button-content-wrapper\">\n\t\t\t\t\t\t\t\t\t\t\t\t\t<span class=\"elementor-button-text\">PI\u00d9 INFO<\/span>\n\t\t\t\t\t\t\t<\/span>\n\t\t\t\t\t\t\t\t\t<span class=\"screen-reader-text\">Button<\/span>\n\t\t\t\t\t<\/a>\n\t\t\t\t<\/div>\n\t\t\t\t\t\t\t<\/div>\n\t\t\t\t<\/div>\n\t\t\t\t\t<\/div>\n\t\t<\/div>\n\t\t\t\t\t<\/div>\n\t\t<\/section>\n\t\t\t\t<\/div>\n\t\t<\/div><\/div>\n\t\t\t\t\t\t<\/div>\n\t\t\t\t<\/div>\n\t\t\t\t\t<\/div>\n\t\t<\/div>\n\t\t\t\t\t<\/div>\n\t\t<\/section>\n\t\t\t\t<section class=\"elementor-section elementor-top-section elementor-element elementor-element-a2e8723 elementor-section-boxed elementor-section-height-default elementor-section-height-default\" data-id=\"a2e8723\" data-element_type=\"section\" data-e-type=\"section\">\n\t\t\t\t\t\t<div class=\"elementor-container elementor-column-gap-default\">\n\t\t\t\t\t<div class=\" elementor-column elementor-col-100 elementor-top-column elementor-element elementor-element-2e4e366\" data-fullscreen-column-settings=\"{&quot;fullscreen&quot;:&quot;&quot;}\" data-id=\"2e4e366\" data-element_type=\"column\" data-e-type=\"column\">\n\t\t\t<div class=\"elementor-widget-wrap elementor-element-populated\">\n\t\t\t\t\t\t<div class=\"elementor-element elementor-element-7baea9e elementor-widget elementor-widget-text-editor\" data-id=\"7baea9e\" data-element_type=\"widget\" data-e-type=\"widget\" data-widget_type=\"text-editor.default\">\n\t\t\t\t<div class=\"elementor-widget-container\">\n\t\t\t\t\t\t\t\t\t<p>Ci\u00f2 che si \u00e8 la Sorgente di quello che accade e il modo dunque in cui ci relazioniamo con esso sar\u00e0 di risposta o reazione in base alla consapevolezza che si ha o meno di questo fatto. <b>Siamo soli, non verr\u00e0 nessuno a salvarci o a giudicarci<\/b>. In questa Unica Coscienza non c&#8217;\u00e8 spazio per io e Dio. Fino a che viviamo questa separazione anche solo a livello sottile resteranno degli spazi di sofferenza che si chiameranno &#8220;sentirsi sbagliati&#8221;.<\/p>\n<p>Responsabilit\u00e0 \u00e8 la capacit\u00e0 o abilit\u00e0 di rispondere a quello che accade vedendolo come un riflesso di quello che si \u00e8. Se si reagisce a quello che accade, allora quell&#8217;evento riflette l&#8217;incapacit\u00e0 di riconoscere che <b>si \u00e8 la Sorgente<\/b> e quindi si sta mantenendo un senso di separazione da quello che c&#8217;\u00e8, come se esso nascesse da qualcosa di diverso che da se stessi. Responsabilit\u00e0 \u00e8 dunque essere luce a se stessi, maestri di se stessi.<\/p>\n<p>Se ascoltiamo questo messaggio, ovvero che siamo la Sorgente, mentre ancora ci identifichiamo col il corpo-mente, allora <b>crederemo di essere PERSONALMENTE il divino<\/b> e ovviamente saremo completamente fuori strada. Si tratter\u00e0 semplicemente di una specie di strano delirio di onnipotenza, in cui \u00e8 l&#8217;ego che si appropria di questo messaggio. Allora &#8220;l&#8217;altro&#8221; &#8211; che non esiste &#8211; diventa solo un oggetto contro cui puoi scaraventare qualunque cosa perch\u00e9 tanto &#8220;non c&#8217;\u00e8&#8221; e allo stesso tempo accade una auto-giustificazione egoica di qualunque cosa &#8220;perch\u00e9 \u00e8 quello che accade&#8221;. <br><\/p><p>\u00c8 un enorme fraintendimento, in cui manca qualcosa di fondamentale. <b>Manca l&#8217;Amore<\/b>. E&#8217; vero che tutto semplicemente accade, ma accade in se stessi. \u00c8 un atto dell&#8217;Amore che a volte \u00e8 conscio di s\u00e8 e a volte no, e quando non lo \u00e8 manifesta sofferenza e separazione. <b>Consapevolezza, Vuoto, Nulla diventano solo parole a meno che non le si incarni<\/b>, e l&#8217;unico luogo dove le si pu\u00f2 incarnare \u00e8 l\u00e0 dove siamo.<\/p>\n<p><b>Amore \u00e8 vedere che l&#8217;altro \u00e8 TE<\/b> e quindi tutto quello che accade con quella forma \u00e8 qualcosa che accade in se stessi. Prendersi la responsabilit\u00e0 di questo \u00e8 includere l&#8217;altro e il mondo intero, incluso quel senso di ingiustizia o di rabbia che pu\u00f2 provocare, ovvero significa includere ogni cosa. E questo \u00e8 Amore, ovvero ci\u00f2 che include ogni cosa, che la accoglie. Se puoi prenderti la responsabilit\u00e0 di TUTTO quello che accade nella tua Vita allora c&#8217;\u00e8 la possibilit\u00e0 che certe situazioni di sofferenza non si manifestino o pi\u00f9 o se lo fanno saranno accolte e trasformate. <b>Chi ami sei tu, chi odi sei tu. Il mondo ti parla di TE.<\/b><\/p>\n<p>Se puoi aprire il tuo cuore al punto tale che ogni &nbsp;cosa e persona sono TE, allora davvero <b>il tuo amore sar\u00e0 divino e la tua comprensione completa<\/b>. Allora potrai rispondere alla Vita di momento in momento e la Vita stessa sar\u00e0 la tua risposta.<\/p><p><i>Shakti Caterina Maggi<\/i><br><\/p>\t\t\t\t\t\t\t\t<\/div>\n\t\t\t\t<\/div>\n\t\t\t\t\t<\/div>\n\t\t<\/div>\n\t\t\t\t\t<\/div>\n\t\t<\/section>\n\t\t\t\t<section class=\"elementor-section elementor-top-section elementor-element elementor-element-1e50cb1f elementor-section-boxed elementor-section-height-default elementor-section-height-default\" data-id=\"1e50cb1f\" data-element_type=\"section\" data-e-type=\"section\" data-settings=\"{&quot;background_background&quot;:&quot;classic&quot;}\">\n\t\t\t\t\t\t<div class=\"elementor-container elementor-column-gap-default\">\n\t\t\t\t\t<div class=\" elementor-column elementor-col-100 elementor-top-column elementor-element elementor-element-717e6d26\" data-fullscreen-column-settings=\"{&quot;fullscreen&quot;:&quot;&quot;}\" data-id=\"717e6d26\" data-element_type=\"column\" data-e-type=\"column\">\n\t\t\t<div class=\"elementor-widget-wrap elementor-element-populated\">\n\t\t\t\t\t\t<div class=\"elementor-element elementor-element-d56d4df elementor-widget elementor-widget-shortcode\" data-id=\"d56d4df\" data-element_type=\"widget\" data-e-type=\"widget\" data-widget_type=\"shortcode.default\">\n\t\t\t\t<div class=\"elementor-widget-container\">\n\t\t\t\t\t\t\t<div class=\"elementor-shortcode\"><div data-post-id=\"87642\" class=\"insert-page insert-page-87642 \">\t\t<div data-elementor-type=\"section\" data-elementor-id=\"87642\" class=\"elementor elementor-87642 elementor-87629 elementor-87629\">\n\t\t\t\t\t\t<section class=\"elementor-section elementor-top-section elementor-element elementor-element-376ab460 elementor-section-boxed elementor-section-height-default elementor-section-height-default\" data-id=\"376ab460\" data-element_type=\"section\" data-e-type=\"section\" data-settings=\"{&quot;background_background&quot;:&quot;classic&quot;}\">\n\t\t\t\t\t\t<div class=\"elementor-container elementor-column-gap-default\">\n\t\t\t\t\t<div class=\" elementor-column elementor-col-100 elementor-top-column elementor-element elementor-element-2ed635a3\" data-fullscreen-column-settings=\"{&quot;fullscreen&quot;:&quot;&quot;}\" data-id=\"2ed635a3\" data-element_type=\"column\" data-e-type=\"column\">\n\t\t\t<div class=\"elementor-widget-wrap elementor-element-populated\">\n\t\t\t\t\t\t<div class=\"elementor-section elementor-inner-section elementor-element elementor-element-3f414051 elementor-section-boxed elementor-section-height-default elementor-section-height-default\" data-id=\"3f414051\" data-element_type=\"section\" data-e-type=\"section\">\n\t\t\t\t\t\t<div class=\"elementor-container elementor-column-gap-default\">\n\t\t\t\t\t<div class=\" elementor-column elementor-col-100 elementor-inner-column elementor-element elementor-element-dec3440 elementor-invisible\" data-fullscreen-column-settings=\"{&quot;fullscreen&quot;:&quot;&quot;}\" data-id=\"dec3440\" data-element_type=\"column\" data-e-type=\"column\" data-settings=\"{&quot;animation&quot;:&quot;fadeIn&quot;,&quot;animation_delay&quot;:200}\">\n\t\t\t<div class=\"elementor-widget-wrap elementor-element-populated\">\n\t\t\t\t\t\t<div class=\"elementor-element elementor-element-72e05587 elementor-widget elementor-widget-litho-heading\" data-id=\"72e05587\" data-element_type=\"widget\" data-e-type=\"widget\" data-widget_type=\"litho-heading.default\">\n\t\t\t\t<div class=\"elementor-widget-container\">\n\t\t\t\t\t<h5 class=\"litho-heading elementor-size-default\"><span class=\"litho-primary-title\">Prossimi Eventi<\/span><\/h5>\t\t\t\t<\/div>\n\t\t\t\t<\/div>\n\t\t\t\t\t<\/div>\n\t\t<\/div>\n\t\t\t\t\t<\/div>\n\t\t<\/div>\n\t\t\t\t<section class=\"elementor-section elementor-inner-section elementor-element elementor-element-752bbe31 elementor-section-boxed elementor-section-height-default elementor-section-height-default\" data-id=\"752bbe31\" data-element_type=\"section\" data-e-type=\"section\">\n\t\t\t\t\t\t<div class=\"elementor-container elementor-column-gap-default\">\n\t\t\t\t\t<div class=\" elementor-column elementor-col-100 elementor-inner-column elementor-element elementor-element-8e19001\" data-fullscreen-column-settings=\"{&quot;fullscreen&quot;:&quot;&quot;}\" data-id=\"8e19001\" data-element_type=\"column\" data-e-type=\"column\">\n\t\t\t<div class=\"elementor-widget-wrap elementor-element-populated\">\n\t\t\t\t\t\t<div class=\"elementor-element elementor-element-65e14fcd elementor-widget elementor-widget-text-editor\" data-id=\"65e14fcd\" data-element_type=\"widget\" data-e-type=\"widget\" data-widget_type=\"text-editor.default\">\n\t\t\t\t<div class=\"elementor-widget-container\">\n\t\t\t\t\t\t\t\t\t<p><!=========list Template 4.2.0=========><script type=\"application\/ld+json\">\r\n[{\"@context\":\"http:\/\/schema.org\",\"@type\":\"Event\",\"name\":\"Satsang Online\",\"description\":\"&lt;p&gt;Ogni settimana un appuntamento online di meditazione e condivisione con la nostra comunit\\u00e0 internazionale.&lt;\/p&gt;\\\\n\",\"image\":\"https:\/\/www.shakticaterinamaggi.com\/wp-content\/uploads\/gathering.jpg\",\"url\":\"https:\/\/www.shakticaterinamaggi.com\/it\/event\/satsang-online\/\",\"eventAttendanceMode\":\"https:\/\/schema.org\/OfflineEventAttendanceMode\",\"eventStatus\":\"https:\/\/schema.org\/EventScheduled\",\"startDate\":\"2026-05-07T21:00:00+02:00\",\"endDate\":\"2026-05-07T22:30:00+02:00\",\"location\":{\"@type\":\"Place\",\"name\":\"Online\",\"description\":\"\",\"url\":\"\",\"address\":{\"@type\":\"PostalAddress\"},\"telephone\":\"\",\"sameAs\":\"\"},\"performer\":\"Organization\"},{\"@context\":\"http:\/\/schema.org\",\"@type\":\"Event\",\"name\":\"Satsang Online\",\"description\":\"&lt;p&gt;Ogni settimana un appuntamento online di meditazione e condivisione con la nostra comunit\\u00e0 internazionale.&lt;\/p&gt;\\\\n\",\"image\":\"https:\/\/www.shakticaterinamaggi.com\/wp-content\/uploads\/gathering.jpg\",\"url\":\"https:\/\/www.shakticaterinamaggi.com\/it\/event\/satsang-online-14\/\",\"eventAttendanceMode\":\"https:\/\/schema.org\/OfflineEventAttendanceMode\",\"eventStatus\":\"https:\/\/schema.org\/EventScheduled\",\"startDate\":\"2026-05-13T21:00:00+02:00\",\"endDate\":\"2026-05-13T23:00:00+02:00\",\"location\":{\"@type\":\"Place\",\"name\":\"Online\",\"description\":\"\",\"url\":\"\",\"address\":{\"@type\":\"PostalAddress\"},\"telephone\":\"\",\"sameAs\":\"\"},\"performer\":\"Organization\"},{\"@context\":\"http:\/\/schema.org\",\"@type\":\"Event\",\"name\":\"Satsang a Milano\",\"description\":\"&lt;p&gt;Incontro di Satsang e meditazione con Shakti a Milano il 14 maggio 2026 ore 21.00&lt;\/p&gt;\\\\n\",\"image\":\"https:\/\/www.shakticaterinamaggi.com\/wp-content\/uploads\/Milano-yogashala.jpg\",\"url\":\"https:\/\/www.shakticaterinamaggi.com\/it\/event\/satsang-a-milano-2\/\",\"eventAttendanceMode\":\"https:\/\/schema.org\/OfflineEventAttendanceMode\",\"eventStatus\":\"https:\/\/schema.org\/EventScheduled\",\"startDate\":\"2026-05-14T21:00:00+02:00\",\"endDate\":\"2026-05-14T23:00:00+02:00\",\"location\":{\"@type\":\"Place\",\"name\":\"La Yoga Shala, Via Domenichino 11, Milano\",\"description\":\"\",\"url\":\"\",\"address\":{\"@type\":\"PostalAddress\"},\"telephone\":\"\",\"sameAs\":\"\"},\"performer\":\"Organization\"}]\r\n<\/script><div id=\"ect-events-list-content\" class=\"ectt-list-wrapper\"><div id=\"list-wrp\" class=\"ect-list-wrapper all\">\r\n\t<div id=\"event-121271\"  class=\"ect-list-post style-2 ect-simple-event\" >\r\n\t\t<div class=\"ect-list-post-left \">\r\n\t\t\t<div class=\"ect-list-img\" style=\"background-image:url(&#039;https:\/\/www.shakticaterinamaggi.com\/wp-content\/uploads\/gathering-1024x683.jpg&#039;);background-size:cover;background-position:bottom center;\"><\/div><\/div><!-- left-post close -->\r\n\t\t<div class=\"ect-list-post-right\">\r\n\t\t\t<div class=\"ect-list-post-right-table\"><div class=\"ect-list-description\"><div class=\"ect-event-category ect-list-category\"><ul class=\"tribe_events_cat\"><li><a href=\"https:\/\/www.shakticaterinamaggi.com\/it\/calendario-completo\/category\/satsang-online\/\" rel=\"tag\">Satsang Online<\/a><\/li><\/ul><\/div><h2 class=\"ect-list-title\"><a class=\"ect-event-url\" href=\"https:\/\/www.shakticaterinamaggi.com\/it\/event\/satsang-online\/\" rel=\"bookmark\">Satsang Online<\/a><\/h2><!-- Event Content --><div class=\"ect-event-content\"><p>Ogni settimana un appuntamento online di meditazione e condivisione con la nostra comunit\u00e0 internazionale.<\/p><\/div><a href=\"https:\/\/www.shakticaterinamaggi.com\/it\/event\/satsang-online\/\" class=\"ect-events-read-more\" rel=\"bookmark\">Find out more<\/a><\/div><div class=\"modern-list-right-side\" >\r\n\t\t\t<div class=\"ect-list-date\"><div class=\"ect-date-area default-schedule\">\r\n\t\t\t\t\t\t\t\t<span class=\"ev-day\">07<\/span>\r\n\t\t\t\t\t\t\t\t<span class=\"ev-mo\">Maggio<\/span>\r\n\t\t\t\t\t\t\t\t<span class=\"ev-yr\">2026<\/span>\r\n\t\t\t\t\t\t\t\t<\/div><\/div><div class=\"ect-list-venue default-venue\"><span class=\"ect-icon\"><i class=\"ect-icon-location\" aria-hidden=\"true\"><\/i><\/span><!-- Venue Display Info -->\r\n                        <span class=\"ect-venue-details ect-address\">\r\n                       \r\n                        <div>Online,<span class=\"tribe-address\">\n\n\n\n\n\n\n<\/span>\n<\/div><\/span><\/div>\t<\/div><\/div><\/div><!-- right-wrapper close -->\r\n\t<\/div><!-- event-loop-end -->\r\n\t<div id=\"event-121273\"  class=\"ect-list-post style-2 ect-simple-event\" >\r\n\t\t<div class=\"ect-list-post-left \">\r\n\t\t\t<div class=\"ect-list-img\" style=\"background-image:url(&#039;https:\/\/www.shakticaterinamaggi.com\/wp-content\/uploads\/gathering-1024x683.jpg&#039;);background-size:cover;background-position:bottom center;\"><\/div><\/div><!-- left-post close -->\r\n\t\t<div class=\"ect-list-post-right\">\r\n\t\t\t<div class=\"ect-list-post-right-table\"><div class=\"ect-list-description\"><div class=\"ect-event-category ect-list-category\"><ul class=\"tribe_events_cat\"><li><a href=\"https:\/\/www.shakticaterinamaggi.com\/it\/calendario-completo\/category\/satsang-online\/\" rel=\"tag\">Satsang Online<\/a><\/li><\/ul><\/div><h2 class=\"ect-list-title\"><a class=\"ect-event-url\" href=\"https:\/\/www.shakticaterinamaggi.com\/it\/event\/satsang-online-14\/\" rel=\"bookmark\">Satsang Online<\/a><\/h2><!-- Event Content --><div class=\"ect-event-content\"><p>Ogni settimana un appuntamento online di meditazione e condivisione con la nostra comunit\u00e0 internazionale.<\/p><\/div><a href=\"https:\/\/www.shakticaterinamaggi.com\/it\/event\/satsang-online-14\/\" class=\"ect-events-read-more\" rel=\"bookmark\">Find out more<\/a><\/div><div class=\"modern-list-right-side\" >\r\n\t\t\t<div class=\"ect-list-date\"><div class=\"ect-date-area default-schedule\">\r\n\t\t\t\t\t\t\t\t<span class=\"ev-day\">13<\/span>\r\n\t\t\t\t\t\t\t\t<span class=\"ev-mo\">Maggio<\/span>\r\n\t\t\t\t\t\t\t\t<span class=\"ev-yr\">2026<\/span>\r\n\t\t\t\t\t\t\t\t<\/div><\/div><div class=\"ect-list-venue default-venue\"><span class=\"ect-icon\"><i class=\"ect-icon-location\" aria-hidden=\"true\"><\/i><\/span><!-- Venue Display Info -->\r\n                        <span class=\"ect-venue-details ect-address\">\r\n                       \r\n                        <div>Online,<span class=\"tribe-address\">\n\n\n\n\n\n\n<\/span>\n<\/div><\/span><\/div>\t<\/div><\/div><\/div><!-- right-wrapper close -->\r\n\t<\/div><!-- event-loop-end -->\r\n\t<div id=\"event-113788\"  class=\"ect-list-post style-2 ect-simple-event\" >\r\n\t\t<div class=\"ect-list-post-left \">\r\n\t\t\t<div class=\"ect-list-img\" style=\"background-image:url(&#039;https:\/\/www.shakticaterinamaggi.com\/wp-content\/uploads\/Milano-yogashala-1024x678.jpg&#039;);background-size:cover;background-position:bottom center;\"><\/div><\/div><!-- left-post close -->\r\n\t\t<div class=\"ect-list-post-right\">\r\n\t\t\t<div class=\"ect-list-post-right-table\"><div class=\"ect-list-description\"><div class=\"ect-event-category ect-list-category\"><ul class=\"tribe_events_cat\"><li><a href=\"https:\/\/www.shakticaterinamaggi.com\/it\/calendario-completo\/category\/in-presenza\/\" rel=\"tag\">In presenza<\/a><\/li><li><a href=\"https:\/\/www.shakticaterinamaggi.com\/it\/calendario-completo\/category\/in-presenza\/satsang\/\" rel=\"tag\">Satsang<\/a><\/li><\/ul><\/div><h2 class=\"ect-list-title\"><a class=\"ect-event-url\" href=\"https:\/\/www.shakticaterinamaggi.com\/it\/event\/satsang-a-milano-2\/\" rel=\"bookmark\">Satsang a Milano<\/a><\/h2><!-- Event Content --><div class=\"ect-event-content\"><p>Incontro di Satsang e meditazione con Shakti a Milano il 14 maggio 2026 ore 21.00<\/p><\/div><a href=\"https:\/\/www.shakticaterinamaggi.com\/it\/event\/satsang-a-milano-2\/\" class=\"ect-events-read-more\" rel=\"bookmark\">Find out more<\/a><\/div><div class=\"modern-list-right-side\" >\r\n\t\t\t<div class=\"ect-list-date\"><div class=\"ect-date-area default-schedule\">\r\n\t\t\t\t\t\t\t\t<span class=\"ev-day\">14<\/span>\r\n\t\t\t\t\t\t\t\t<span class=\"ev-mo\">Maggio<\/span>\r\n\t\t\t\t\t\t\t\t<span class=\"ev-yr\">2026<\/span>\r\n\t\t\t\t\t\t\t\t<\/div><\/div><div class=\"ect-list-venue default-venue\"><span class=\"ect-icon\"><i class=\"ect-icon-location\" aria-hidden=\"true\"><\/i><\/span><!-- Venue Display Info -->\r\n                        <span class=\"ect-venue-details ect-address\">\r\n                       \r\n                        <div>La Yoga Shala, Via Domenichino 11, Milano,<span class=\"tribe-address\">\n\n\n\n\n\n\n<\/span>\n<\/div><\/span><\/div>\t<\/div><\/div><\/div><!-- right-wrapper close -->\r\n\t<\/div><!-- event-loop-end --><\/div><div class=\"ect-load-more style-2\">\r\n                <a href=\"#\" class=\"ect-load-more-btn\">\r\n                <img decoding=\"async\" class=\"ect-preloader\" alt=\"Loading\" style=\"display:none;\" src=\"https:\/\/www.shakticaterinamaggi.com\/wp-content\/plugins\/the-events-calendar-templates-and-shortcode\/assets\/images\/preloader.svg\"> <span class=\"ect-btn-text\">Carica altro<\/span><\/a>\r\n                <section data-exclude-events=\"[121271,121273,113788]\"  id=\"ect-lm-settings\" data-load-more=\"Carica altro\"  data-loaded=\"Nessun evento trovato\" \r\n                data-loading=\"Caricamento\" data-settings={\"hide_venue\":\"no\",\"date_format\":\"default\",\"socialshare\":\"no\",\"template\":\"default\",\"style\":\"style-2\",\"show_description\":\"\"} data-ajax-url=\"https:\/\/www.shakticaterinamaggi.com\/wp-admin\/admin-ajax.php\" data-load-nonce=\"75b09ac534\">\r\n                <div id=\"ect-cat-load-more\" style=\"display:none;\"><img decoding=\"async\" class=\"ect-preloader\" alt=\"Loading\"  src=\"https:\/\/www.shakticaterinamaggi.com\/wp-content\/plugins\/the-events-calendar-templates-and-shortcode\/assets\/images\/preloader.svg\"> <span class=\"ect-btn-text\"><\/span><\/div>\r\n                <\/section>\r\n                <script type=\"application\/json\" id=\"ect-query-arg\">{\"post_status\":\"publish\",\"posts_per_page\":\"3\",\"meta_key\":\"_EventStartDate\",\"orderby\":\"event_date\",\"order\":\"ASC\",\"featured\":\"\",\"meta_query\":[{\"key\":\"_EventEndDate\",\"value\":\"2026-05-02 03:49:31\",\"compare\":\">=\",\"type\":\"DATETIME\"}]}<\/script><\/div><\/div><\/p>\t\t\t\t\t\t\t\t<\/div>\n\t\t\t\t<\/div>\n\t\t\t\t\t<\/div>\n\t\t<\/div>\n\t\t\t\t\t<\/div>\n\t\t<\/section>\n\t\t\t\t<div class=\"elementor-element elementor-element-b0d09dd elementor-align-center elementor-widget elementor-widget-litho-button\" data-id=\"b0d09dd\" data-element_type=\"widget\" data-e-type=\"widget\" data-widget_type=\"litho-button.default\">\n\t\t\t\t<div class=\"elementor-widget-container\">\n\t\t\t\t\t\t\t\t\t<div class=\"elementor-button-wrapper litho-button-wrapper\">\n\t\t\t\t\t<a class=\"elementor-button-link elementor-button elementor-size-lg \" href=\"\/it\/full-calendar\/\" role=\"button\">\n\t\t\t\t\t\t\t\t\t<span class=\"elementor-button-content-wrapper\">\n\t\t\t\t\t\t\t\t<span class=\"elementor-button-icon elementor-align-icon-left\">\n\t\t\t\t\t<i aria-hidden=\"true\" class=\" icon-calendar\"><\/i>\t\t\t\t<\/span>\n\t\t\t\t\t\t\t\t\t\t\t\t\t<span class=\"elementor-button-text\">Calendario completo<\/span>\n\t\t\t\t\t\t\t<\/span>\n\t\t\t\t\t\t\t\t\t<span class=\"screen-reader-text\">Button<\/span>\n\t\t\t\t\t<\/a>\n\t\t\t\t<\/div>\n\t\t\t\t\t\t\t<\/div>\n\t\t\t\t<\/div>\n\t\t\t\t\t<\/div>\n\t\t<\/div>\n\t\t\t\t\t<\/div>\n\t\t<\/section>\n\t\t\t\t<\/div>\n\t\t<\/div><\/div>\n\t\t\t\t\t\t<\/div>\n\t\t\t\t<\/div>\n\t\t\t\t\t<\/div>\n\t\t<\/div>\n\t\t\t\t\t<\/div>\n\t\t<\/section>\n\t\t\t\t<\/div>\n\t\t","protected":false},"excerpt":{"rendered":"<p>In questi tempi bui, la Vita sembra chiederci di scegliere tra paura e amore. Vogliamo continuare ad autodistruggerci, a proteggere le nostre piccole nicchie di privilegi e identit\u00e0, o vedere che l\u2019altro \u00e8 noi stessi, che non esiste separazione?<\/p>\n","protected":false},"author":475,"featured_media":94178,"comment_status":"closed","ping_status":"closed","sticky":false,"template":"","format":"standard","meta":{"footnotes":""},"categories":[248],"tags":[514,513,386,512],"content_type":[333],"class_list":["post-94171","post","type-post","status-publish","format-standard","has-post-thumbnail","hentry","category-integrazione-del-risveglio","tag-bypass-spirituale","tag-guru","tag-ricerca-spirituale","tag-spiritualita","content_type-articolo"],"yoast_head":"<!-- This site is optimized with the Yoast SEO plugin v27.5 - https:\/\/yoast.com\/product\/yoast-seo-wordpress\/ -->\n<title>Trappola spirituale e responsabilit\u00e0 - Shakti Caterina Maggi<\/title>\n<meta name=\"description\" content=\"Responsabilit\u00e0 \u00e8 la capacit\u00e0 o abilit\u00e0 di rispondere a quello che accade vedendolo come un riflesso di quello che si \u00e8.\" \/>\n<meta name=\"robots\" content=\"index, follow, max-snippet:-1, max-image-preview:large, max-video-preview:-1\" \/>\n<link rel=\"canonical\" href=\"https:\/\/www.shakticaterinamaggi.com\/it\/integrazione-del-risveglio\/trappola-spirituale-e-responsabilita\/\" \/>\n<meta property=\"og:locale\" content=\"it_IT\" \/>\n<meta property=\"og:type\" content=\"article\" \/>\n<meta property=\"og:title\" content=\"Trappola spirituale e responsabilit\u00e0 - Shakti Caterina Maggi\" \/>\n<meta property=\"og:description\" content=\"Responsabilit\u00e0 \u00e8 la capacit\u00e0 o abilit\u00e0 di rispondere a quello che accade vedendolo come un riflesso di quello che si \u00e8.\" \/>\n<meta property=\"og:url\" content=\"https:\/\/www.shakticaterinamaggi.com\/it\/integrazione-del-risveglio\/trappola-spirituale-e-responsabilita\/\" \/>\n<meta property=\"og:site_name\" content=\"Shakti Caterina Maggi\" \/>\n<meta property=\"article:publisher\" content=\"https:\/\/www.facebook.com\/ShaktiCaterinaMaggi.satsang\/\" \/>\n<meta property=\"article:published_time\" content=\"2016-04-15T15:03:38+00:00\" \/>\n<meta property=\"article:modified_time\" content=\"2023-01-31T16:30:06+00:00\" \/>\n<meta property=\"og:image\" content=\"https:\/\/www.shakticaterinamaggi.com\/wp-content\/uploads\/articoli-shakti42.png\" \/>\n\t<meta property=\"og:image:width\" content=\"1200\" \/>\n\t<meta property=\"og:image:height\" content=\"700\" \/>\n\t<meta property=\"og:image:type\" content=\"image\/png\" \/>\n<meta name=\"author\" content=\"Nadine Zara\" \/>\n<meta name=\"twitter:card\" content=\"summary_large_image\" \/>\n<meta name=\"twitter:creator\" content=\"@ShaktiAdvaita\" \/>\n<meta name=\"twitter:site\" content=\"@ShaktiAdvaita\" \/>\n<meta name=\"twitter:label1\" content=\"Scritto da\" \/>\n\t<meta name=\"twitter:data1\" content=\"Nadine Zara\" \/>\n\t<meta name=\"twitter:label2\" content=\"Tempo di lettura stimato\" \/>\n\t<meta name=\"twitter:data2\" content=\"3 minuti\" \/>\n<script type=\"application\/ld+json\" class=\"yoast-schema-graph\">{\"@context\":\"https:\\\/\\\/schema.org\",\"@graph\":[{\"@type\":\"Article\",\"@id\":\"https:\\\/\\\/www.shakticaterinamaggi.com\\\/it\\\/integrazione-del-risveglio\\\/trappola-spirituale-e-responsabilita\\\/#article\",\"isPartOf\":{\"@id\":\"https:\\\/\\\/www.shakticaterinamaggi.com\\\/it\\\/integrazione-del-risveglio\\\/trappola-spirituale-e-responsabilita\\\/\"},\"author\":{\"name\":\"Nadine Zara\",\"@id\":\"https:\\\/\\\/www.shakticaterinamaggi.com\\\/it\\\/#\\\/schema\\\/person\\\/d8f54bd5473464746642095567ff502d\"},\"headline\":\"Trappola spirituale e responsabilit\u00e0\",\"datePublished\":\"2016-04-15T15:03:38+00:00\",\"dateModified\":\"2023-01-31T16:30:06+00:00\",\"mainEntityOfPage\":{\"@id\":\"https:\\\/\\\/www.shakticaterinamaggi.com\\\/it\\\/integrazione-del-risveglio\\\/trappola-spirituale-e-responsabilita\\\/\"},\"wordCount\":551,\"publisher\":{\"@id\":\"https:\\\/\\\/www.shakticaterinamaggi.com\\\/it\\\/#organization\"},\"image\":{\"@id\":\"https:\\\/\\\/www.shakticaterinamaggi.com\\\/it\\\/integrazione-del-risveglio\\\/trappola-spirituale-e-responsabilita\\\/#primaryimage\"},\"thumbnailUrl\":\"https:\\\/\\\/www.shakticaterinamaggi.com\\\/wp-content\\\/uploads\\\/articoli-shakti42.png\",\"keywords\":[\"bypass spirituale\",\"guru\",\"ricerca spirituale\",\"spiritualit\u00e0\"],\"articleSection\":[\"Integrazione del Risveglio\"],\"inLanguage\":\"it-IT\"},{\"@type\":\"WebPage\",\"@id\":\"https:\\\/\\\/www.shakticaterinamaggi.com\\\/it\\\/integrazione-del-risveglio\\\/trappola-spirituale-e-responsabilita\\\/\",\"url\":\"https:\\\/\\\/www.shakticaterinamaggi.com\\\/it\\\/integrazione-del-risveglio\\\/trappola-spirituale-e-responsabilita\\\/\",\"name\":\"Trappola spirituale e responsabilit\u00e0 - Shakti Caterina Maggi\",\"isPartOf\":{\"@id\":\"https:\\\/\\\/www.shakticaterinamaggi.com\\\/it\\\/#website\"},\"primaryImageOfPage\":{\"@id\":\"https:\\\/\\\/www.shakticaterinamaggi.com\\\/it\\\/integrazione-del-risveglio\\\/trappola-spirituale-e-responsabilita\\\/#primaryimage\"},\"image\":{\"@id\":\"https:\\\/\\\/www.shakticaterinamaggi.com\\\/it\\\/integrazione-del-risveglio\\\/trappola-spirituale-e-responsabilita\\\/#primaryimage\"},\"thumbnailUrl\":\"https:\\\/\\\/www.shakticaterinamaggi.com\\\/wp-content\\\/uploads\\\/articoli-shakti42.png\",\"datePublished\":\"2016-04-15T15:03:38+00:00\",\"dateModified\":\"2023-01-31T16:30:06+00:00\",\"description\":\"Responsabilit\u00e0 \u00e8 la capacit\u00e0 o abilit\u00e0 di rispondere a quello che accade vedendolo come un riflesso di quello che si \u00e8.\",\"breadcrumb\":{\"@id\":\"https:\\\/\\\/www.shakticaterinamaggi.com\\\/it\\\/integrazione-del-risveglio\\\/trappola-spirituale-e-responsabilita\\\/#breadcrumb\"},\"inLanguage\":\"it-IT\",\"potentialAction\":[{\"@type\":\"ReadAction\",\"target\":[\"https:\\\/\\\/www.shakticaterinamaggi.com\\\/it\\\/integrazione-del-risveglio\\\/trappola-spirituale-e-responsabilita\\\/\"]}]},{\"@type\":\"ImageObject\",\"inLanguage\":\"it-IT\",\"@id\":\"https:\\\/\\\/www.shakticaterinamaggi.com\\\/it\\\/integrazione-del-risveglio\\\/trappola-spirituale-e-responsabilita\\\/#primaryimage\",\"url\":\"https:\\\/\\\/www.shakticaterinamaggi.com\\\/wp-content\\\/uploads\\\/articoli-shakti42.png\",\"contentUrl\":\"https:\\\/\\\/www.shakticaterinamaggi.com\\\/wp-content\\\/uploads\\\/articoli-shakti42.png\",\"width\":1200,\"height\":700},{\"@type\":\"BreadcrumbList\",\"@id\":\"https:\\\/\\\/www.shakticaterinamaggi.com\\\/it\\\/integrazione-del-risveglio\\\/trappola-spirituale-e-responsabilita\\\/#breadcrumb\",\"itemListElement\":[{\"@type\":\"ListItem\",\"position\":1,\"name\":\"Home\",\"item\":\"https:\\\/\\\/www.shakticaterinamaggi.com\\\/it\\\/\"},{\"@type\":\"ListItem\",\"position\":2,\"name\":\"Trappola spirituale e responsabilit\u00e0\"}]},{\"@type\":\"WebSite\",\"@id\":\"https:\\\/\\\/www.shakticaterinamaggi.com\\\/it\\\/#website\",\"url\":\"https:\\\/\\\/www.shakticaterinamaggi.com\\\/it\\\/\",\"name\":\"Shakti Caterina Maggi\",\"description\":\"Being presence &amp; Living meditation\",\"publisher\":{\"@id\":\"https:\\\/\\\/www.shakticaterinamaggi.com\\\/it\\\/#organization\"},\"potentialAction\":[{\"@type\":\"SearchAction\",\"target\":{\"@type\":\"EntryPoint\",\"urlTemplate\":\"https:\\\/\\\/www.shakticaterinamaggi.com\\\/it\\\/?s={search_term_string}\"},\"query-input\":{\"@type\":\"PropertyValueSpecification\",\"valueRequired\":true,\"valueName\":\"search_term_string\"}}],\"inLanguage\":\"it-IT\"},{\"@type\":\"Organization\",\"@id\":\"https:\\\/\\\/www.shakticaterinamaggi.com\\\/it\\\/#organization\",\"name\":\"Shakti Caterina Maggi\",\"url\":\"https:\\\/\\\/www.shakticaterinamaggi.com\\\/it\\\/\",\"logo\":{\"@type\":\"ImageObject\",\"inLanguage\":\"it-IT\",\"@id\":\"https:\\\/\\\/www.shakticaterinamaggi.com\\\/it\\\/#\\\/schema\\\/logo\\\/image\\\/\",\"url\":\"https:\\\/\\\/www.shakticaterinamaggi.com\\\/wp-content\\\/uploads\\\/shakti_caterina_maggi_blu_retina.png\",\"contentUrl\":\"https:\\\/\\\/www.shakticaterinamaggi.com\\\/wp-content\\\/uploads\\\/shakti_caterina_maggi_blu_retina.png\",\"width\":800,\"height\":164,\"caption\":\"Shakti Caterina Maggi\"},\"image\":{\"@id\":\"https:\\\/\\\/www.shakticaterinamaggi.com\\\/it\\\/#\\\/schema\\\/logo\\\/image\\\/\"},\"sameAs\":[\"https:\\\/\\\/www.facebook.com\\\/ShaktiCaterinaMaggi.satsang\\\/\",\"https:\\\/\\\/x.com\\\/ShaktiAdvaita\",\"https:\\\/\\\/www.instagram.com\\\/shakti_caterina_maggi\\\/\"]},{\"@type\":\"Person\",\"@id\":\"https:\\\/\\\/www.shakticaterinamaggi.com\\\/it\\\/#\\\/schema\\\/person\\\/d8f54bd5473464746642095567ff502d\",\"name\":\"Nadine Zara\",\"image\":{\"@type\":\"ImageObject\",\"inLanguage\":\"it-IT\",\"@id\":\"https:\\\/\\\/secure.gravatar.com\\\/avatar\\\/1ff36d24c773a0e9808964da5d9b099d26411dd9b40afee79885d4ca5ce0e740?s=96&d=mm&r=g\",\"url\":\"https:\\\/\\\/secure.gravatar.com\\\/avatar\\\/1ff36d24c773a0e9808964da5d9b099d26411dd9b40afee79885d4ca5ce0e740?s=96&d=mm&r=g\",\"contentUrl\":\"https:\\\/\\\/secure.gravatar.com\\\/avatar\\\/1ff36d24c773a0e9808964da5d9b099d26411dd9b40afee79885d4ca5ce0e740?s=96&d=mm&r=g\",\"caption\":\"Nadine Zara\"}}]}<\/script>\n<!-- \/ Yoast SEO plugin. -->","yoast_head_json":{"title":"Trappola spirituale e responsabilit\u00e0 - Shakti Caterina Maggi","description":"Responsabilit\u00e0 \u00e8 la capacit\u00e0 o abilit\u00e0 di rispondere a quello che accade vedendolo come un riflesso di quello che si \u00e8.","robots":{"index":"index","follow":"follow","max-snippet":"max-snippet:-1","max-image-preview":"max-image-preview:large","max-video-preview":"max-video-preview:-1"},"canonical":"https:\/\/www.shakticaterinamaggi.com\/it\/integrazione-del-risveglio\/trappola-spirituale-e-responsabilita\/","og_locale":"it_IT","og_type":"article","og_title":"Trappola spirituale e responsabilit\u00e0 - Shakti Caterina Maggi","og_description":"Responsabilit\u00e0 \u00e8 la capacit\u00e0 o abilit\u00e0 di rispondere a quello che accade vedendolo come un riflesso di quello che si \u00e8.","og_url":"https:\/\/www.shakticaterinamaggi.com\/it\/integrazione-del-risveglio\/trappola-spirituale-e-responsabilita\/","og_site_name":"Shakti Caterina Maggi","article_publisher":"https:\/\/www.facebook.com\/ShaktiCaterinaMaggi.satsang\/","article_published_time":"2016-04-15T15:03:38+00:00","article_modified_time":"2023-01-31T16:30:06+00:00","og_image":[{"width":1200,"height":700,"url":"https:\/\/www.shakticaterinamaggi.com\/wp-content\/uploads\/articoli-shakti42.png","type":"image\/png"}],"author":"Nadine Zara","twitter_card":"summary_large_image","twitter_creator":"@ShaktiAdvaita","twitter_site":"@ShaktiAdvaita","twitter_misc":{"Scritto da":"Nadine Zara","Tempo di lettura stimato":"3 minuti"},"schema":{"@context":"https:\/\/schema.org","@graph":[{"@type":"Article","@id":"https:\/\/www.shakticaterinamaggi.com\/it\/integrazione-del-risveglio\/trappola-spirituale-e-responsabilita\/#article","isPartOf":{"@id":"https:\/\/www.shakticaterinamaggi.com\/it\/integrazione-del-risveglio\/trappola-spirituale-e-responsabilita\/"},"author":{"name":"Nadine Zara","@id":"https:\/\/www.shakticaterinamaggi.com\/it\/#\/schema\/person\/d8f54bd5473464746642095567ff502d"},"headline":"Trappola spirituale e responsabilit\u00e0","datePublished":"2016-04-15T15:03:38+00:00","dateModified":"2023-01-31T16:30:06+00:00","mainEntityOfPage":{"@id":"https:\/\/www.shakticaterinamaggi.com\/it\/integrazione-del-risveglio\/trappola-spirituale-e-responsabilita\/"},"wordCount":551,"publisher":{"@id":"https:\/\/www.shakticaterinamaggi.com\/it\/#organization"},"image":{"@id":"https:\/\/www.shakticaterinamaggi.com\/it\/integrazione-del-risveglio\/trappola-spirituale-e-responsabilita\/#primaryimage"},"thumbnailUrl":"https:\/\/www.shakticaterinamaggi.com\/wp-content\/uploads\/articoli-shakti42.png","keywords":["bypass spirituale","guru","ricerca spirituale","spiritualit\u00e0"],"articleSection":["Integrazione del Risveglio"],"inLanguage":"it-IT"},{"@type":"WebPage","@id":"https:\/\/www.shakticaterinamaggi.com\/it\/integrazione-del-risveglio\/trappola-spirituale-e-responsabilita\/","url":"https:\/\/www.shakticaterinamaggi.com\/it\/integrazione-del-risveglio\/trappola-spirituale-e-responsabilita\/","name":"Trappola spirituale e responsabilit\u00e0 - Shakti Caterina Maggi","isPartOf":{"@id":"https:\/\/www.shakticaterinamaggi.com\/it\/#website"},"primaryImageOfPage":{"@id":"https:\/\/www.shakticaterinamaggi.com\/it\/integrazione-del-risveglio\/trappola-spirituale-e-responsabilita\/#primaryimage"},"image":{"@id":"https:\/\/www.shakticaterinamaggi.com\/it\/integrazione-del-risveglio\/trappola-spirituale-e-responsabilita\/#primaryimage"},"thumbnailUrl":"https:\/\/www.shakticaterinamaggi.com\/wp-content\/uploads\/articoli-shakti42.png","datePublished":"2016-04-15T15:03:38+00:00","dateModified":"2023-01-31T16:30:06+00:00","description":"Responsabilit\u00e0 \u00e8 la capacit\u00e0 o abilit\u00e0 di rispondere a quello che accade vedendolo come un riflesso di quello che si \u00e8.","breadcrumb":{"@id":"https:\/\/www.shakticaterinamaggi.com\/it\/integrazione-del-risveglio\/trappola-spirituale-e-responsabilita\/#breadcrumb"},"inLanguage":"it-IT","potentialAction":[{"@type":"ReadAction","target":["https:\/\/www.shakticaterinamaggi.com\/it\/integrazione-del-risveglio\/trappola-spirituale-e-responsabilita\/"]}]},{"@type":"ImageObject","inLanguage":"it-IT","@id":"https:\/\/www.shakticaterinamaggi.com\/it\/integrazione-del-risveglio\/trappola-spirituale-e-responsabilita\/#primaryimage","url":"https:\/\/www.shakticaterinamaggi.com\/wp-content\/uploads\/articoli-shakti42.png","contentUrl":"https:\/\/www.shakticaterinamaggi.com\/wp-content\/uploads\/articoli-shakti42.png","width":1200,"height":700},{"@type":"BreadcrumbList","@id":"https:\/\/www.shakticaterinamaggi.com\/it\/integrazione-del-risveglio\/trappola-spirituale-e-responsabilita\/#breadcrumb","itemListElement":[{"@type":"ListItem","position":1,"name":"Home","item":"https:\/\/www.shakticaterinamaggi.com\/it\/"},{"@type":"ListItem","position":2,"name":"Trappola spirituale e responsabilit\u00e0"}]},{"@type":"WebSite","@id":"https:\/\/www.shakticaterinamaggi.com\/it\/#website","url":"https:\/\/www.shakticaterinamaggi.com\/it\/","name":"Shakti Caterina Maggi","description":"Being presence &amp; Living meditation","publisher":{"@id":"https:\/\/www.shakticaterinamaggi.com\/it\/#organization"},"potentialAction":[{"@type":"SearchAction","target":{"@type":"EntryPoint","urlTemplate":"https:\/\/www.shakticaterinamaggi.com\/it\/?s={search_term_string}"},"query-input":{"@type":"PropertyValueSpecification","valueRequired":true,"valueName":"search_term_string"}}],"inLanguage":"it-IT"},{"@type":"Organization","@id":"https:\/\/www.shakticaterinamaggi.com\/it\/#organization","name":"Shakti Caterina Maggi","url":"https:\/\/www.shakticaterinamaggi.com\/it\/","logo":{"@type":"ImageObject","inLanguage":"it-IT","@id":"https:\/\/www.shakticaterinamaggi.com\/it\/#\/schema\/logo\/image\/","url":"https:\/\/www.shakticaterinamaggi.com\/wp-content\/uploads\/shakti_caterina_maggi_blu_retina.png","contentUrl":"https:\/\/www.shakticaterinamaggi.com\/wp-content\/uploads\/shakti_caterina_maggi_blu_retina.png","width":800,"height":164,"caption":"Shakti Caterina Maggi"},"image":{"@id":"https:\/\/www.shakticaterinamaggi.com\/it\/#\/schema\/logo\/image\/"},"sameAs":["https:\/\/www.facebook.com\/ShaktiCaterinaMaggi.satsang\/","https:\/\/x.com\/ShaktiAdvaita","https:\/\/www.instagram.com\/shakti_caterina_maggi\/"]},{"@type":"Person","@id":"https:\/\/www.shakticaterinamaggi.com\/it\/#\/schema\/person\/d8f54bd5473464746642095567ff502d","name":"Nadine Zara","image":{"@type":"ImageObject","inLanguage":"it-IT","@id":"https:\/\/secure.gravatar.com\/avatar\/1ff36d24c773a0e9808964da5d9b099d26411dd9b40afee79885d4ca5ce0e740?s=96&d=mm&r=g","url":"https:\/\/secure.gravatar.com\/avatar\/1ff36d24c773a0e9808964da5d9b099d26411dd9b40afee79885d4ca5ce0e740?s=96&d=mm&r=g","contentUrl":"https:\/\/secure.gravatar.com\/avatar\/1ff36d24c773a0e9808964da5d9b099d26411dd9b40afee79885d4ca5ce0e740?s=96&d=mm&r=g","caption":"Nadine Zara"}}]}},"_links":{"self":[{"href":"https:\/\/www.shakticaterinamaggi.com\/it\/wp-json\/wp\/v2\/posts\/94171","targetHints":{"allow":["GET"]}}],"collection":[{"href":"https:\/\/www.shakticaterinamaggi.com\/it\/wp-json\/wp\/v2\/posts"}],"about":[{"href":"https:\/\/www.shakticaterinamaggi.com\/it\/wp-json\/wp\/v2\/types\/post"}],"author":[{"embeddable":true,"href":"https:\/\/www.shakticaterinamaggi.com\/it\/wp-json\/wp\/v2\/users\/475"}],"replies":[{"embeddable":true,"href":"https:\/\/www.shakticaterinamaggi.com\/it\/wp-json\/wp\/v2\/comments?post=94171"}],"version-history":[{"count":5,"href":"https:\/\/www.shakticaterinamaggi.com\/it\/wp-json\/wp\/v2\/posts\/94171\/revisions"}],"predecessor-version":[{"id":94183,"href":"https:\/\/www.shakticaterinamaggi.com\/it\/wp-json\/wp\/v2\/posts\/94171\/revisions\/94183"}],"wp:featuredmedia":[{"embeddable":true,"href":"https:\/\/www.shakticaterinamaggi.com\/it\/wp-json\/wp\/v2\/media\/94178"}],"wp:attachment":[{"href":"https:\/\/www.shakticaterinamaggi.com\/it\/wp-json\/wp\/v2\/media?parent=94171"}],"wp:term":[{"taxonomy":"category","embeddable":true,"href":"https:\/\/www.shakticaterinamaggi.com\/it\/wp-json\/wp\/v2\/categories?post=94171"},{"taxonomy":"post_tag","embeddable":true,"href":"https:\/\/www.shakticaterinamaggi.com\/it\/wp-json\/wp\/v2\/tags?post=94171"},{"taxonomy":"content_type","embeddable":true,"href":"https:\/\/www.shakticaterinamaggi.com\/it\/wp-json\/wp\/v2\/content_type?post=94171"}],"curies":[{"name":"wp","href":"https:\/\/api.w.org\/{rel}","templated":true}]}}